{"id":7160,"date":"2026-03-09T20:04:54","date_gmt":"2026-03-09T19:04:54","guid":{"rendered":"https:\/\/machines.technofoam.rs\/?p=7160"},"modified":"2026-04-06T19:28:42","modified_gmt":"2026-04-06T17:28:42","slug":"posetite-nas-na-sajmu-u-dizeldorfu-7-13-maj-2026","status":"publish","type":"post","link":"https:\/\/machines.technofoam.rs\/es\/posetite-nas-na-sajmu-u-dizeldorfu-7-13-maj-2026\/","title":{"rendered":"Vis\u00edtenos en la feria de D\u00fcsseldorf, del 7 al 13 de mayo de 2026."},"content":{"rendered":"<p>Nos complace informarle que participaremos en la feria internacional <strong>Interpack 2026<\/strong> en D\u00fcsseldorf, que se celebrar\u00e1 de <strong>7 al 13 de mayo de 2026.<\/strong>.<\/p>\n\n\n\n<p>Le invitamos a visitarnos en <strong>el pabell\u00f3n 12, stand A11<\/strong>donde tendr\u00e1 la oportunidad de\nconocer en detalle nuestra oferta, intercambiar ideas con nuestro equipo y hablar sobre posibles oportunidades de colaboraci\u00f3n futura.<\/p>\n\n\n\n<p>Puede encontrar m\u00e1s informaci\u00f3n sobre nuestro perfil de expositor en el sitio web oficial\nde la feria<br><a href=\"https:\/\/www.interpack.com\/vis\/v1\/en\/exhprofiles\/5HOzYc2RSBOLpSu7QSXn8w\">https:\/\/www.interpack.com\/vis\/v1\/en\/exhprofiles\/5HOzYc2RSBOLpSu7QSXn8w<\/a><br><\/p>\n\n\n\n<figure class=\"wp-block-image size-large\"><img fetchpriority=\"high\" decoding=\"async\" width=\"1024\" height=\"612\" src=\"https:\/\/machines.technofoam.rs\/wp-content\/uploads\/2026\/03\/Screenshot-2026-03-09-200943-1024x612.png\" alt=\"\" class=\"wp-image-7166\" srcset=\"https:\/\/machines.technofoam.rs\/wp-content\/uploads\/2026\/03\/Screenshot-2026-03-09-200943-1024x612.png 1024w, https:\/\/machines.technofoam.rs\/wp-content\/uploads\/2026\/03\/Screenshot-2026-03-09-200943-300x179.png 300w, https:\/\/machines.technofoam.rs\/wp-content\/uploads\/2026\/03\/Screenshot-2026-03-09-200943-768x459.png 768w, https:\/\/machines.technofoam.rs\/wp-content\/uploads\/2026\/03\/Screenshot-2026-03-09-200943-18x12.png 18w, https:\/\/machines.technofoam.rs\/wp-content\/uploads\/2026\/03\/Screenshot-2026-03-09-200943.png 1498w\" sizes=\"(max-width: 1024px) 100vw, 1024px\" \/><\/figure>\n\n\n\n<figure class=\"wp-block-gallery has-nested-images columns-default is-cropped wp-block-gallery-1 is-layout-flex wp-block-gallery-is-layout-flex\">\n<figure class=\"wp-block-image size-large\"><img decoding=\"async\" width=\"1024\" height=\"555\" data-id=\"7165\" src=\"https:\/\/machines.technofoam.rs\/wp-content\/uploads\/2026\/03\/Screenshot-2026-03-09-200740-1-1024x555.png\" alt=\"\" class=\"wp-image-7165\" srcset=\"https:\/\/machines.technofoam.rs\/wp-content\/uploads\/2026\/03\/Screenshot-2026-03-09-200740-1-1024x555.png 1024w, https:\/\/machines.technofoam.rs\/wp-content\/uploads\/2026\/03\/Screenshot-2026-03-09-200740-1-300x163.png 300w, https:\/\/machines.technofoam.rs\/wp-content\/uploads\/2026\/03\/Screenshot-2026-03-09-200740-1-768x417.png 768w, https:\/\/machines.technofoam.rs\/wp-content\/uploads\/2026\/03\/Screenshot-2026-03-09-200740-1-18x10.png 18w, https:\/\/machines.technofoam.rs\/wp-content\/uploads\/2026\/03\/Screenshot-2026-03-09-200740-1.png 1512w\" sizes=\"(max-width: 1024px) 100vw, 1024px\" \/><\/figure>\n<\/figure>","protected":false},"excerpt":{"rendered":"<p>Sa zadovoljstvom vas obave\u0161tavamo da \u0107emo u\u010destvovati na me\u0111unarodnom sajmu Interpack 2026 u Dizeldorfu, koji se odr\u017eava od 7. do 13. maja 2026. godine. Pozivamo vas da nas posetite u hali 12, \u0161tand A11, gde \u0107ete imati priliku da se upoznate sa na\u0161om ponudom, razmenite ideje sa na\u0161im timom i razgovarate o mogu\u0107nostima budu\u0107e saradnje. [&hellip;]<\/p>","protected":false},"author":5,"featured_media":7710,"comment_status":"closed","ping_status":"closed","sticky":false,"template":"","format":"standard","meta":{"footnotes":""},"categories":[1],"tags":[],"class_list":["post-7160","post","type-post","status-publish","format-standard","has-post-thumbnail","hentry","category-aktuelno"],"_links":{"self":[{"href":"https:\/\/machines.technofoam.rs\/es\/wp-json\/wp\/v2\/posts\/7160","targetHints":{"allow":["GET"]}}],"collection":[{"href":"https:\/\/machines.technofoam.rs\/es\/wp-json\/wp\/v2\/posts"}],"about":[{"href":"https:\/\/machines.technofoam.rs\/es\/wp-json\/wp\/v2\/types\/post"}],"author":[{"embeddable":true,"href":"https:\/\/machines.technofoam.rs\/es\/wp-json\/wp\/v2\/users\/5"}],"replies":[{"embeddable":true,"href":"https:\/\/machines.technofoam.rs\/es\/wp-json\/wp\/v2\/comments?post=7160"}],"version-history":[{"count":2,"href":"https:\/\/machines.technofoam.rs\/es\/wp-json\/wp\/v2\/posts\/7160\/revisions"}],"predecessor-version":[{"id":7167,"href":"https:\/\/machines.technofoam.rs\/es\/wp-json\/wp\/v2\/posts\/7160\/revisions\/7167"}],"wp:featuredmedia":[{"embeddable":true,"href":"https:\/\/machines.technofoam.rs\/es\/wp-json\/wp\/v2\/media\/7710"}],"wp:attachment":[{"href":"https:\/\/machines.technofoam.rs\/es\/wp-json\/wp\/v2\/media?parent=7160"}],"wp:term":[{"taxonomy":"category","embeddable":true,"href":"https:\/\/machines.technofoam.rs\/es\/wp-json\/wp\/v2\/categories?post=7160"},{"taxonomy":"post_tag","embeddable":true,"href":"https:\/\/machines.technofoam.rs\/es\/wp-json\/wp\/v2\/tags?post=7160"}],"curies":[{"name":"wp","href":"https:\/\/api.w.org\/{rel}","templated":true}]}}